{"id":10062,"date":"2023-11-15T16:16:44","date_gmt":"2023-11-15T15:16:44","guid":{"rendered":"https:\/\/manag-art.com\/back-on-european-jazz-conference\/"},"modified":"2023-11-15T16:24:09","modified_gmt":"2023-11-15T15:24:09","slug":"back-on-european-jazz-conference","status":"publish","type":"post","link":"https:\/\/manag-art.com\/en\/back-on-european-jazz-conference\/","title":{"rendered":"Back on : European Jazz Conference"},"content":{"rendered":"<div class=\"vce-row-container\" data-vce-boxed-width=\"true\"><div class=\"vce-row vce-row--col-gap-30 vce-row-equal-height vce-row-content--top\" id=\"el-212776bb\" data-vce-do-apply=\"all el-212776bb\"><div class=\"vce-row-content\" data-vce-element-content=\"true\"><div class=\"vce-col vce-col--md-auto vce-col--xs-1 vce-col--xs-last vce-col--xs-first vce-col--sm-last vce-col--sm-first vce-col--md-last vce-col--lg-last vce-col--xl-last vce-col--md-first vce-col--lg-first vce-col--xl-first\" id=\"el-09a5f3b1\"><div class=\"vce-col-inner\" data-vce-do-apply=\"border margin background  el-09a5f3b1\"><div class=\"vce-col-content\" data-vce-element-content=\"true\" data-vce-do-apply=\"padding el-09a5f3b1\"><div class=\"vce-single-image-container vce-single-image--align-left\"><div class=\"vce vce-single-image-wrapper\" id=\"el-1f30cd6a\" data-vce-do-apply=\"all el-1f30cd6a\"><figure><div class=\"vce-single-image-figure-inner\" style=\"width: 1024px;\"><div class=\"vce-single-image-inner vce-single-image--absolute\" style=\"width: 100%; padding-bottom: 60.9375%;\"><img loading=\"lazy\" decoding=\"async\" class=\"vce-single-image\"  width=\"1024\" height=\"624\" srcset=\"https:\/\/manag-art.com\/wp-content\/uploads\/2023\/11\/Screenshot_20231115_104103_Instagram-1-1024x625.jpg 1024w, https:\/\/manag-art.com\/wp-content\/uploads\/2023\/11\/Screenshot_20231115_104103_Instagram-1-320x195.jpg 320w, https:\/\/manag-art.com\/wp-content\/uploads\/2023\/11\/Screenshot_20231115_104103_Instagram-1-480x293.jpg 480w, https:\/\/manag-art.com\/wp-content\/uploads\/2023\/11\/Screenshot_20231115_104103_Instagram-1-800x500.jpg 800w\" src=\"https:\/\/manag-art.com\/wp-content\/uploads\/2023\/11\/Screenshot_20231115_104103_Instagram-1-1024x625.jpg\" data-img-src=\"https:\/\/manag-art.com\/wp-content\/uploads\/2023\/11\/Screenshot_20231115_104103_Instagram-1.jpg\" data-attachment-id=\"10024\"  alt=\"Photo de tous les participants, issus du monde de la musique, \u00e0 avoir particip\u00e9 aux discussions et conf\u00e9rences de l'\u00e9v\u00e8nement\" title=\"Participants at the European Jazz Conference\" \/><\/div><\/div><figcaption>Participants at the European Jazz Conference<\/figcaption><\/figure><\/div><\/div><div class=\"vce-layouts-post-title-container vce-layouts-post-title-container--align-left\"><div class=\"vce-layouts-post-title vce\" id=\"el-50c3b06b\" data-vce-do-apply=\"all el-50c3b06b\"><h1>Back on : European Jazz Conference<\/h1><\/div><\/div><div class=\"vce-text-block\"><div class=\"vce-text-block-wrapper vce\" id=\"el-d1442831\" data-vce-do-apply=\"all el-d1442831\">\n<div class=\"ql-block\" data-block-id=\"block-5dab2d1a-65b2-4192-9d06-72c19ed773af\"><a href=\"https:\/\/www.europejazz.net\/activity\/european-jazz-conference\">The European Jazz Conf\u00e9rence<\/a> is a major annual event bringing together jazz experts, including promoters, cultural managers, agents and national or regional support organizations.<\/div>\n<div class=\"ql-block\" data-block-id=\"block-7b080536-a4e9-466f-b645-29ed381f3efc\">This year, the event moved to Marseille for 3 days dedicated to this musical genre. Musicians, industry professionals and jazz enthusiasts came together in a dynamic exchange of sounds and ideas. This captivating edition created a space where cultural richness and musical diversity merged to celebrate the very essence of jazz.<\/div>\n<div class=\"ql-block\" data-block-id=\"block-02c62a31-27eb-454c-8178-93740b5a0c04\">&nbsp;<\/div>\n<div class=\"ql-block\" data-block-id=\"block-8a26769d-7203-4b08-9464-3ee799d09f85\">The event attracted renowned artists and emerging talents from all over Europe. The streets resounded with the haunting notes of jazz, creating an electric atmosphere that transcended the concert halls and spread throughout the city.<\/div>\n<div class=\"ql-block\" data-block-id=\"block-6a50aee1-a800-4059-9c8d-2b77a3e4bd9a\">&nbsp;<\/div>\n<div class=\"ql-block\" data-block-id=\"block-c25027df-4639-474c-aa6e-fcd447728685\">Live performances were the highlight of the event, offering a rich musical palette ranging from traditional jazz to daring experimentation. From spontaneous jam sessions to carefully orchestrated performances, every corner of the city was infused with the soul and creativity of jazz.<\/div>\n<div data-block-id=\"block-c25027df-4639-474c-aa6e-fcd447728685\">&nbsp;<\/div>\n<div data-block-id=\"block-c25027df-4639-474c-aa6e-fcd447728685\">\n<div id=\"attachment_10020\" style=\"width: 330px\" class=\"wp-caption alignnone\"><img aria-describedby=\"caption-attachment-10020\" loading=\"lazy\" decoding=\"async\" class=\"wp-image-10020\" src=\"https:\/\/manag-art.com\/wp-content\/uploads\/2023\/11\/Screenshot_20231115_104024_Instagram-300x297.jpg\" alt=\"Judyth with Jan Ole Otn\u00e6s and Sophie Bluss\u00e9 at a round-table discussion.\" width=\"320\" height=\"317\" srcset=\"https:\/\/manag-art.com\/wp-content\/uploads\/2023\/11\/Screenshot_20231115_104024_Instagram-300x297.jpg 300w, https:\/\/manag-art.com\/wp-content\/uploads\/2023\/11\/Screenshot_20231115_104024_Instagram-1024x1015.jpg 1024w, https:\/\/manag-art.com\/wp-content\/uploads\/2023\/11\/Screenshot_20231115_104024_Instagram-150x150.jpg 150w, https:\/\/manag-art.com\/wp-content\/uploads\/2023\/11\/Screenshot_20231115_104024_Instagram-768x761.jpg 768w, https:\/\/manag-art.com\/wp-content\/uploads\/2023\/11\/Screenshot_20231115_104024_Instagram-320x317.jpg 320w, https:\/\/manag-art.com\/wp-content\/uploads\/2023\/11\/Screenshot_20231115_104024_Instagram-480x476.jpg 480w, https:\/\/manag-art.com\/wp-content\/uploads\/2023\/11\/Screenshot_20231115_104024_Instagram-800x793.jpg 800w, https:\/\/manag-art.com\/wp-content\/uploads\/2023\/11\/Screenshot_20231115_104024_Instagram.jpg 1080w\" sizes=\"(max-width: 320px) 100vw, 320px\" \/><p id=\"caption-attachment-10020\" class=\"wp-caption-text\">Judyth with Jan Ole Otn\u00e6s and Sophie Bluss\u00e9 at a round-table discussion.<\/p><\/div>\n<\/div>\n<div data-block-id=\"block-932d665f-89c5-41a5-a663-8852ac0153c1\">&nbsp;<\/div>\n<div class=\"ql-block\" data-block-id=\"block-58037c51-6441-42ff-a2c9-aa5110f47851\">Beyond the concerts, the Europe Jazz Conference featured lively discussions and intellectual debates. Speakers explored the new frontiers of musical innovation, discussing the social impact of jazz and how the genre continues to transcend cultural barriers.Workshops offered learning opportunities, emphasizing music education and the preservation of jazz's roots. In collaboration with <a href=\"https:\/\/www.europejazz.net\/profile\/jan-ole-otn%C3%A6s-honorary-meber?section=members\/ba%3Fpage%3D1%3Fpage%3D3\">Jan Ole Otn\u00e6s<\/a> (honorary member of EJN, NO) et <a href=\"https:\/\/issuu.com\/europejazznetwork\/docs\/ejc2023_brochure\/s\/30653033\">Sophie Bluss\u00e9<\/a> (Music Meeting, NL), At the heart of this discussion, they explored together themes relating to the transmission and promotion of new players in the music industry. In addition, the conversation explored the role of networks such as the Europe Jazz Network in supporting the career development of emerging talent.<\/div>\n<div class=\"ql-block\" data-block-id=\"block-e31b6c9f-c6e9-4e22-bdfe-1337337c3d73\">&nbsp;<\/div>\n<div class=\"ql-block\" data-block-id=\"block-f4912fac-17e6-42af-b37c-4cea387cd0c1\">The Europe Jazz Conference 2023 thus created a unique space for exchange, fostering mutual understanding and appreciation of cultural diversity through music. While the final notes still resonate in people's minds, this event will be remembered as a memorable celebration of the vitality and creativity of European jazz.<\/div>\n<\/div><\/div><\/div><\/div><\/div><\/div><\/div><\/div>","protected":false},"excerpt":{"rendered":"<p>Participants at the European Jazz Conference The European Jazz Conf\u00e9rence is a major annual event bringing together jazz experts, including promoters, cultural managers, agents and national or regional support organizations. This year, the event moved to Marseille for 3 days dedicated to this musical genre&#8230;.<\/p>\n","protected":false},"author":8,"featured_media":10021,"comment_status":"open","ping_status":"open","sticky":false,"template":"","format":"standard","meta":{"footnotes":""},"categories":[175],"tags":[330,528,527,213,529],"yoast_head":"<!-- This site is optimized with the Yoast SEO plugin v20.13 - https:\/\/yoast.com\/wordpress\/plugins\/seo\/ -->\n<title>Back on : European Jazz Conference - Manag&#039;Art<\/title>\n<meta name=\"description\" content=\"The European Jazz Conference is a major annual event bringing together jazz experts, including promoters, cultural managers, agents and national or regional support organizations.\" \/>\n<meta name=\"robots\" content=\"index, follow, max-snippet:-1, max-image-preview:large, max-video-preview:-1\" \/>\n<link rel=\"canonical\" href=\"https:\/\/manag-art.com\/en\/back-on-european-jazz-conference\/\" \/>\n<meta property=\"og:locale\" content=\"en_US\" \/>\n<meta property=\"og:type\" content=\"article\" \/>\n<meta property=\"og:title\" content=\"Back on : European Jazz Conference - Manag&#039;Art\" \/>\n<meta property=\"og:description\" content=\"The European Jazz Conference is a major annual event bringing together jazz experts, including promoters, cultural managers, agents and national or regional support organizations.\" \/>\n<meta property=\"og:url\" content=\"https:\/\/manag-art.com\/en\/back-on-european-jazz-conference\/\" \/>\n<meta property=\"og:site_name\" content=\"Manag&#039;Art\" \/>\n<meta property=\"article:publisher\" content=\"https:\/\/www.facebook.com\/managartprod\/\" \/>\n<meta property=\"article:published_time\" content=\"2023-11-15T15:16:44+00:00\" \/>\n<meta property=\"article:modified_time\" content=\"2023-11-15T15:24:09+00:00\" \/>\n<meta property=\"og:image\" content=\"https:\/\/manag-art.com\/wp-content\/uploads\/2023\/11\/Screenshot_20231115_104024_Instagram.jpg\" \/>\n\t<meta property=\"og:image:width\" content=\"1080\" \/>\n\t<meta property=\"og:image:height\" content=\"1070\" \/>\n\t<meta property=\"og:image:type\" content=\"image\/jpeg\" \/>\n<meta name=\"author\" content=\"L\u00e9a Plumaugat\" \/>\n<meta name=\"twitter:card\" content=\"summary_large_image\" \/>\n<meta name=\"twitter:creator\" content=\"@ManagArtProd\" \/>\n<meta name=\"twitter:site\" content=\"@ManagArtProd\" \/>\n<meta name=\"twitter:label1\" content=\"Written by\" \/>\n\t<meta name=\"twitter:data1\" content=\"L\u00e9a Plumaugat\" \/>\n\t<meta name=\"twitter:label2\" content=\"Est. reading time\" \/>\n\t<meta name=\"twitter:data2\" content=\"2 minutes\" \/>\n<script type=\"application\/ld+json\" class=\"yoast-schema-graph\">{\"@context\":\"https:\/\/schema.org\",\"@graph\":[{\"@type\":\"Article\",\"@id\":\"https:\/\/manag-art.com\/en\/back-on-european-jazz-conference\/#article\",\"isPartOf\":{\"@id\":\"https:\/\/manag-art.com\/en\/back-on-european-jazz-conference\/\"},\"author\":{\"name\":\"L\u00e9a Plumaugat\",\"@id\":\"https:\/\/manag-art.com\/en\/#\/schema\/person\/9a536275636a85eeff269797a3873cf4\"},\"headline\":\"Back on : European Jazz Conference\",\"datePublished\":\"2023-11-15T15:16:44+00:00\",\"dateModified\":\"2023-11-15T15:24:09+00:00\",\"mainEntityOfPage\":{\"@id\":\"https:\/\/manag-art.com\/en\/back-on-european-jazz-conference\/\"},\"wordCount\":353,\"commentCount\":0,\"publisher\":{\"@id\":\"https:\/\/manag-art.com\/en\/#organization\"},\"keywords\":[\"EJC\",\"european jazz conference\",\"european jazz network\",\"managart\",\"marseille\"],\"inLanguage\":\"en-US\",\"potentialAction\":[{\"@type\":\"CommentAction\",\"name\":\"Comment\",\"target\":[\"https:\/\/manag-art.com\/en\/back-on-european-jazz-conference\/#respond\"]}]},{\"@type\":\"WebPage\",\"@id\":\"https:\/\/manag-art.com\/en\/back-on-european-jazz-conference\/\",\"url\":\"https:\/\/manag-art.com\/en\/back-on-european-jazz-conference\/\",\"name\":\"Back on : European Jazz Conference - Manag&#039;Art\",\"isPartOf\":{\"@id\":\"https:\/\/manag-art.com\/en\/#website\"},\"datePublished\":\"2023-11-15T15:16:44+00:00\",\"dateModified\":\"2023-11-15T15:24:09+00:00\",\"description\":\"The European Jazz Conference is a major annual event bringing together jazz experts, including promoters, cultural managers, agents and national or regional support organizations.\",\"breadcrumb\":{\"@id\":\"https:\/\/manag-art.com\/en\/back-on-european-jazz-conference\/#breadcrumb\"},\"inLanguage\":\"en-US\",\"potentialAction\":[{\"@type\":\"ReadAction\",\"target\":[\"https:\/\/manag-art.com\/en\/back-on-european-jazz-conference\/\"]}]},{\"@type\":\"BreadcrumbList\",\"@id\":\"https:\/\/manag-art.com\/en\/back-on-european-jazz-conference\/#breadcrumb\",\"itemListElement\":[{\"@type\":\"ListItem\",\"position\":1,\"name\":\"Accueil\",\"item\":\"https:\/\/manag-art.com\/en\/\"},{\"@type\":\"ListItem\",\"position\":2,\"name\":\"Back on : European Jazz Conference\"}]},{\"@type\":\"WebSite\",\"@id\":\"https:\/\/manag-art.com\/en\/#website\",\"url\":\"https:\/\/manag-art.com\/en\/\",\"name\":\"Manag'Art - Services & Label\",\"description\":\"Services &amp; Label\",\"publisher\":{\"@id\":\"https:\/\/manag-art.com\/en\/#organization\"},\"potentialAction\":[{\"@type\":\"SearchAction\",\"target\":{\"@type\":\"EntryPoint\",\"urlTemplate\":\"https:\/\/manag-art.com\/en\/?s={search_term_string}\"},\"query-input\":\"required name=search_term_string\"}],\"inLanguage\":\"en-US\"},{\"@type\":\"Organization\",\"@id\":\"https:\/\/manag-art.com\/en\/#organization\",\"name\":\"Manag'Art\",\"url\":\"https:\/\/manag-art.com\/en\/\",\"logo\":{\"@type\":\"ImageObject\",\"inLanguage\":\"en-US\",\"@id\":\"https:\/\/manag-art.com\/en\/#\/schema\/logo\/image\/\",\"url\":\"https:\/\/manag-art.com\/wp-content\/uploads\/2023\/08\/bleu-fonce.png\",\"contentUrl\":\"https:\/\/manag-art.com\/wp-content\/uploads\/2023\/08\/bleu-fonce.png\",\"width\":87,\"height\":64,\"caption\":\"Manag'Art\"},\"image\":{\"@id\":\"https:\/\/manag-art.com\/en\/#\/schema\/logo\/image\/\"},\"sameAs\":[\"https:\/\/www.facebook.com\/managartprod\/\",\"https:\/\/twitter.com\/ManagArtProd\",\"https:\/\/www.instagram.com\/managartprod\/\"]},{\"@type\":\"Person\",\"@id\":\"https:\/\/manag-art.com\/en\/#\/schema\/person\/9a536275636a85eeff269797a3873cf4\",\"name\":\"L\u00e9a Plumaugat\",\"image\":{\"@type\":\"ImageObject\",\"inLanguage\":\"en-US\",\"@id\":\"https:\/\/manag-art.com\/en\/#\/schema\/person\/image\/\",\"url\":\"https:\/\/secure.gravatar.com\/avatar\/2805f1b6c5e98ba516e7249bf7c40350?s=96&d=mm&r=g\",\"contentUrl\":\"https:\/\/secure.gravatar.com\/avatar\/2805f1b6c5e98ba516e7249bf7c40350?s=96&d=mm&r=g\",\"caption\":\"L\u00e9a Plumaugat\"}}]}<\/script>\n<!-- \/ Yoast SEO plugin. -->","yoast_head_json":{"title":"Back on : European Jazz Conference - Manag&#039;Art","description":"The European Jazz Conference is a major annual event bringing together jazz experts, including promoters, cultural managers, agents and national or regional support organizations.","robots":{"index":"index","follow":"follow","max-snippet":"max-snippet:-1","max-image-preview":"max-image-preview:large","max-video-preview":"max-video-preview:-1"},"canonical":"https:\/\/manag-art.com\/en\/back-on-european-jazz-conference\/","og_locale":"en_US","og_type":"article","og_title":"Back on : European Jazz Conference - Manag&#039;Art","og_description":"The European Jazz Conference is a major annual event bringing together jazz experts, including promoters, cultural managers, agents and national or regional support organizations.","og_url":"https:\/\/manag-art.com\/en\/back-on-european-jazz-conference\/","og_site_name":"Manag&#039;Art","article_publisher":"https:\/\/www.facebook.com\/managartprod\/","article_published_time":"2023-11-15T15:16:44+00:00","article_modified_time":"2023-11-15T15:24:09+00:00","og_image":[{"width":1080,"height":1070,"url":"https:\/\/manag-art.com\/wp-content\/uploads\/2023\/11\/Screenshot_20231115_104024_Instagram.jpg","type":"image\/jpeg"}],"author":"L\u00e9a Plumaugat","twitter_card":"summary_large_image","twitter_creator":"@ManagArtProd","twitter_site":"@ManagArtProd","twitter_misc":{"Written by":"L\u00e9a Plumaugat","Est. reading time":"2 minutes"},"schema":{"@context":"https:\/\/schema.org","@graph":[{"@type":"Article","@id":"https:\/\/manag-art.com\/en\/back-on-european-jazz-conference\/#article","isPartOf":{"@id":"https:\/\/manag-art.com\/en\/back-on-european-jazz-conference\/"},"author":{"name":"L\u00e9a Plumaugat","@id":"https:\/\/manag-art.com\/en\/#\/schema\/person\/9a536275636a85eeff269797a3873cf4"},"headline":"Back on : European Jazz Conference","datePublished":"2023-11-15T15:16:44+00:00","dateModified":"2023-11-15T15:24:09+00:00","mainEntityOfPage":{"@id":"https:\/\/manag-art.com\/en\/back-on-european-jazz-conference\/"},"wordCount":353,"commentCount":0,"publisher":{"@id":"https:\/\/manag-art.com\/en\/#organization"},"keywords":["EJC","european jazz conference","european jazz network","managart","marseille"],"inLanguage":"en-US","potentialAction":[{"@type":"CommentAction","name":"Comment","target":["https:\/\/manag-art.com\/en\/back-on-european-jazz-conference\/#respond"]}]},{"@type":"WebPage","@id":"https:\/\/manag-art.com\/en\/back-on-european-jazz-conference\/","url":"https:\/\/manag-art.com\/en\/back-on-european-jazz-conference\/","name":"Back on : European Jazz Conference - Manag&#039;Art","isPartOf":{"@id":"https:\/\/manag-art.com\/en\/#website"},"datePublished":"2023-11-15T15:16:44+00:00","dateModified":"2023-11-15T15:24:09+00:00","description":"The European Jazz Conference is a major annual event bringing together jazz experts, including promoters, cultural managers, agents and national or regional support organizations.","breadcrumb":{"@id":"https:\/\/manag-art.com\/en\/back-on-european-jazz-conference\/#breadcrumb"},"inLanguage":"en-US","potentialAction":[{"@type":"ReadAction","target":["https:\/\/manag-art.com\/en\/back-on-european-jazz-conference\/"]}]},{"@type":"BreadcrumbList","@id":"https:\/\/manag-art.com\/en\/back-on-european-jazz-conference\/#breadcrumb","itemListElement":[{"@type":"ListItem","position":1,"name":"Accueil","item":"https:\/\/manag-art.com\/en\/"},{"@type":"ListItem","position":2,"name":"Back on : European Jazz Conference"}]},{"@type":"WebSite","@id":"https:\/\/manag-art.com\/en\/#website","url":"https:\/\/manag-art.com\/en\/","name":"Manag'Art - Services & Label","description":"Services &amp; Label","publisher":{"@id":"https:\/\/manag-art.com\/en\/#organization"},"potentialAction":[{"@type":"SearchAction","target":{"@type":"EntryPoint","urlTemplate":"https:\/\/manag-art.com\/en\/?s={search_term_string}"},"query-input":"required name=search_term_string"}],"inLanguage":"en-US"},{"@type":"Organization","@id":"https:\/\/manag-art.com\/en\/#organization","name":"Manag'Art","url":"https:\/\/manag-art.com\/en\/","logo":{"@type":"ImageObject","inLanguage":"en-US","@id":"https:\/\/manag-art.com\/en\/#\/schema\/logo\/image\/","url":"https:\/\/manag-art.com\/wp-content\/uploads\/2023\/08\/bleu-fonce.png","contentUrl":"https:\/\/manag-art.com\/wp-content\/uploads\/2023\/08\/bleu-fonce.png","width":87,"height":64,"caption":"Manag'Art"},"image":{"@id":"https:\/\/manag-art.com\/en\/#\/schema\/logo\/image\/"},"sameAs":["https:\/\/www.facebook.com\/managartprod\/","https:\/\/twitter.com\/ManagArtProd","https:\/\/www.instagram.com\/managartprod\/"]},{"@type":"Person","@id":"https:\/\/manag-art.com\/en\/#\/schema\/person\/9a536275636a85eeff269797a3873cf4","name":"L\u00e9a Plumaugat","image":{"@type":"ImageObject","inLanguage":"en-US","@id":"https:\/\/manag-art.com\/en\/#\/schema\/person\/image\/","url":"https:\/\/secure.gravatar.com\/avatar\/2805f1b6c5e98ba516e7249bf7c40350?s=96&d=mm&r=g","contentUrl":"https:\/\/secure.gravatar.com\/avatar\/2805f1b6c5e98ba516e7249bf7c40350?s=96&d=mm&r=g","caption":"L\u00e9a Plumaugat"}}]}},"_links":{"self":[{"href":"https:\/\/manag-art.com\/en\/wp-json\/wp\/v2\/posts\/10062"}],"collection":[{"href":"https:\/\/manag-art.com\/en\/wp-json\/wp\/v2\/posts"}],"about":[{"href":"https:\/\/manag-art.com\/en\/wp-json\/wp\/v2\/types\/post"}],"author":[{"embeddable":true,"href":"https:\/\/manag-art.com\/en\/wp-json\/wp\/v2\/users\/8"}],"replies":[{"embeddable":true,"href":"https:\/\/manag-art.com\/en\/wp-json\/wp\/v2\/comments?post=10062"}],"version-history":[{"count":5,"href":"https:\/\/manag-art.com\/en\/wp-json\/wp\/v2\/posts\/10062\/revisions"}],"predecessor-version":[{"id":10067,"href":"https:\/\/manag-art.com\/en\/wp-json\/wp\/v2\/posts\/10062\/revisions\/10067"}],"wp:featuredmedia":[{"embeddable":true,"href":"https:\/\/manag-art.com\/en\/wp-json\/wp\/v2\/media\/10021"}],"wp:attachment":[{"href":"https:\/\/manag-art.com\/en\/wp-json\/wp\/v2\/media?parent=10062"}],"wp:term":[{"taxonomy":"category","embeddable":true,"href":"https:\/\/manag-art.com\/en\/wp-json\/wp\/v2\/categories?post=10062"},{"taxonomy":"post_tag","embeddable":true,"href":"https:\/\/manag-art.com\/en\/wp-json\/wp\/v2\/tags?post=10062"}],"curies":[{"name":"wp","href":"https:\/\/api.w.org\/{rel}","templated":true}]}}