{"id":6034,"date":"2021-11-20T17:07:00","date_gmt":"2021-11-20T16:07:00","guid":{"rendered":"http:\/\/manag-art.com\/?p=6034"},"modified":"2022-11-24T12:18:48","modified_gmt":"2022-11-24T11:18:48","slug":"j-silk-will-open-the-show-of-general-elektriks","status":"publish","type":"post","link":"https:\/\/manag-art.com\/en\/j-silk-will-open-the-show-of-general-elektriks\/","title":{"rendered":"J-Silk will open the show of General Elektriks"},"content":{"rendered":"<p style=\"text-align: left;\">J-Silk will have the opportunity to open the show of<a href=\"https:\/\/lerocherdepalmer.fr\/artistes\/general.elektriks\/11.2021.php\"> General Elektriks at the Rocher de Palmer<\/a>, on November 27. It won&#8217;t be the first time that the band will have the opportunity to perform before General Elektriks. Indeed, in April 2018, J-Silk entertained the crowd of the <a href=\"https:\/\/www.muzzart.fr\/20180412_10593_jsilk-general-elektriks-au-krakatoa\/\">Krakatoa<\/a>, before General Elektriks went to perform on stage.<\/p>\n<p>Herv\u00e9 Salters aka General Elektriks is a French-British keyboardist specializing in instruments from the 60s and 70s. He has a particular passion for instruments like the Clavinet, Rhodes or Hammond. Herv\u00e9 Salters made his first steps in the group Vercoquin and then playing with Matthieu Chedid alias M. He joined the United States at the end of the 90&#8217;s and associated himself with several pop, soul and funk bands.<\/p>\n<p>As a reminder, J-Silk is the &#8220;Future Soul&#8221; trio from Bordeaux, formed by Joana Rives (lyrics), Louis Gaffney (bass) and Didier Bassan (drums), who joined us a few months ago.<\/p>\n<p>Thus, the audience was able to discover on stage the tracks of their <a href=\"https:\/\/manag-art.com\/en\/j-silk-brought-out-a-new-ep-dreaming-awake\/\">new EP &#8220;Dreaming Awake&#8221;<\/a>. It released on September 24, especially the song &#8220;<a href=\"https:\/\/manag-art.com\/en\/the-video-clip-of-wonderland-by-j-silk-is-now-available\/\">Wonderland<\/a>&#8220;, available now on YouTube.<\/p>\n<p><img loading=\"lazy\" decoding=\"async\" class=\"size-medium wp-image-5493 aligncenter\" src=\"https:\/\/manag-art.com\/wp-content\/uploads\/2016\/12\/J-Silk_Dreaming_Awake-300x300.png\" alt=\"\" width=\"300\" height=\"300\" srcset=\"https:\/\/manag-art.com\/wp-content\/uploads\/2016\/12\/J-Silk_Dreaming_Awake-300x300.png 300w, https:\/\/manag-art.com\/wp-content\/uploads\/2016\/12\/J-Silk_Dreaming_Awake-150x150.png 150w, https:\/\/manag-art.com\/wp-content\/uploads\/2016\/12\/J-Silk_Dreaming_Awake-768x768.png 768w, https:\/\/manag-art.com\/wp-content\/uploads\/2016\/12\/J-Silk_Dreaming_Awake-1024x1024.png 1024w, https:\/\/manag-art.com\/wp-content\/uploads\/2016\/12\/J-Silk_Dreaming_Awake-550x550.png 550w, https:\/\/manag-art.com\/wp-content\/uploads\/2016\/12\/J-Silk_Dreaming_Awake-1125x1125.png 1125w\" sizes=\"(max-width: 300px) 100vw, 300px\" \/><\/p>\n<p>By the way, their latest EP, Dreaming Awake got 130,000 streams on Spotify; so if you haven&#8217;t taken the time yet to listen to it or you want to listen to it over and over, go on your favorite streaming platform.<\/p>\n","protected":false},"excerpt":{"rendered":"<p>J-Silk will have the opportunity to open the show of General Elektriks at the Rocher de Palmer, on November 27. It won&#8217;t be the first time that the band will have the opportunity to perform before General Elektriks. Indeed, in April 2018, J-Silk entertained the&#8230;<\/p>\n","protected":false},"author":4,"featured_media":6012,"comment_status":"open","ping_status":"open","sticky":false,"template":"","format":"standard","meta":{"footnotes":""},"categories":[6,190,208],"tags":[292,333,252,184,295,213,296,328,231,261,334],"yoast_head":"<!-- This site is optimized with the Yoast SEO plugin v20.13 - https:\/\/yoast.com\/wordpress\/plugins\/seo\/ -->\n<title>J-Silk will open the show of General Elektriks - Manag&#039;Art<\/title>\n<meta name=\"description\" content=\"J-Silk will have the chance to open for General Elektriks at Bikini on November 26th and at the Rocher de Palmer the following day.\" \/>\n<meta name=\"robots\" content=\"index, follow, max-snippet:-1, max-image-preview:large, max-video-preview:-1\" \/>\n<link rel=\"canonical\" href=\"https:\/\/manag-art.com\/en\/j-silk-will-open-the-show-of-general-elektriks\/\" \/>\n<meta property=\"og:locale\" content=\"en_US\" \/>\n<meta property=\"og:type\" content=\"article\" \/>\n<meta property=\"og:title\" content=\"J-Silk will open the show of General Elektriks - Manag&#039;Art\" \/>\n<meta property=\"og:description\" content=\"J-Silk will have the chance to open for General Elektriks at Bikini on November 26th and at the Rocher de Palmer the following day.\" \/>\n<meta property=\"og:url\" content=\"https:\/\/manag-art.com\/en\/j-silk-will-open-the-show-of-general-elektriks\/\" \/>\n<meta property=\"og:site_name\" content=\"Manag&#039;Art\" \/>\n<meta property=\"article:publisher\" content=\"https:\/\/www.facebook.com\/managartprod\/\" \/>\n<meta property=\"article:published_time\" content=\"2021-11-20T16:07:00+00:00\" \/>\n<meta property=\"article:modified_time\" content=\"2022-11-24T11:18:48+00:00\" \/>\n<meta property=\"og:image\" content=\"https:\/\/manag-art.com\/wp-content\/uploads\/2021\/10\/243010439_2762742447350608_5243823106990578385_n.jpg\" \/>\n\t<meta property=\"og:image:width\" content=\"1365\" \/>\n\t<meta property=\"og:image:height\" content=\"2048\" \/>\n\t<meta property=\"og:image:type\" content=\"image\/jpeg\" \/>\n<meta name=\"author\" content=\"Jeanne\" \/>\n<meta name=\"twitter:card\" content=\"summary_large_image\" \/>\n<meta name=\"twitter:creator\" content=\"@ManagArtProd\" \/>\n<meta name=\"twitter:site\" content=\"@ManagArtProd\" \/>\n<meta name=\"twitter:label1\" content=\"Written by\" \/>\n\t<meta name=\"twitter:data1\" content=\"Jeanne\" \/>\n\t<meta name=\"twitter:label2\" content=\"Est. reading time\" \/>\n\t<meta name=\"twitter:data2\" content=\"2 minutes\" \/>\n<script type=\"application\/ld+json\" class=\"yoast-schema-graph\">{\"@context\":\"https:\/\/schema.org\",\"@graph\":[{\"@type\":\"Article\",\"@id\":\"https:\/\/manag-art.com\/en\/j-silk-will-open-the-show-of-general-elektriks\/#article\",\"isPartOf\":{\"@id\":\"https:\/\/manag-art.com\/en\/j-silk-will-open-the-show-of-general-elektriks\/\"},\"author\":{\"name\":\"Jeanne\",\"@id\":\"https:\/\/manag-art.com\/en\/#\/schema\/person\/2002948ccbdbec24cd4fe0be2b4d9a6d\"},\"headline\":\"J-Silk will open the show of General Elektriks\",\"datePublished\":\"2021-11-20T16:07:00+00:00\",\"dateModified\":\"2022-11-24T11:18:48+00:00\",\"mainEntityOfPage\":{\"@id\":\"https:\/\/manag-art.com\/en\/j-silk-will-open-the-show-of-general-elektriks\/\"},\"wordCount\":231,\"commentCount\":0,\"publisher\":{\"@id\":\"https:\/\/manag-art.com\/en\/#organization\"},\"keywords\":[\"dreamingawake\",\"electro pop\",\"ep\",\"jazz\",\"jsilk\",\"managart\",\"nusoul\",\"risingbird\",\"Rocher de Palmer\",\"spotify\",\"wonderland\"],\"articleSection\":[\"Communiqu\u00e9s\",\"Communiqu\u00e9s\",\"Communiqu\u00e9s\"],\"inLanguage\":\"en-US\",\"potentialAction\":[{\"@type\":\"CommentAction\",\"name\":\"Comment\",\"target\":[\"https:\/\/manag-art.com\/en\/j-silk-will-open-the-show-of-general-elektriks\/#respond\"]}]},{\"@type\":\"WebPage\",\"@id\":\"https:\/\/manag-art.com\/en\/j-silk-will-open-the-show-of-general-elektriks\/\",\"url\":\"https:\/\/manag-art.com\/en\/j-silk-will-open-the-show-of-general-elektriks\/\",\"name\":\"J-Silk will open the show of General Elektriks - Manag&#039;Art\",\"isPartOf\":{\"@id\":\"https:\/\/manag-art.com\/en\/#website\"},\"datePublished\":\"2021-11-20T16:07:00+00:00\",\"dateModified\":\"2022-11-24T11:18:48+00:00\",\"description\":\"J-Silk will have the chance to open for General Elektriks at Bikini on November 26th and at the Rocher de Palmer the following day.\",\"breadcrumb\":{\"@id\":\"https:\/\/manag-art.com\/en\/j-silk-will-open-the-show-of-general-elektriks\/#breadcrumb\"},\"inLanguage\":\"en-US\",\"potentialAction\":[{\"@type\":\"ReadAction\",\"target\":[\"https:\/\/manag-art.com\/en\/j-silk-will-open-the-show-of-general-elektriks\/\"]}]},{\"@type\":\"BreadcrumbList\",\"@id\":\"https:\/\/manag-art.com\/en\/j-silk-will-open-the-show-of-general-elektriks\/#breadcrumb\",\"itemListElement\":[{\"@type\":\"ListItem\",\"position\":1,\"name\":\"Accueil\",\"item\":\"https:\/\/manag-art.com\/en\/\"},{\"@type\":\"ListItem\",\"position\":2,\"name\":\"J-Silk will open the show of General Elektriks\"}]},{\"@type\":\"WebSite\",\"@id\":\"https:\/\/manag-art.com\/en\/#website\",\"url\":\"https:\/\/manag-art.com\/en\/\",\"name\":\"Manag'Art - Services & Label\",\"description\":\"Services &amp; Label\",\"publisher\":{\"@id\":\"https:\/\/manag-art.com\/en\/#organization\"},\"potentialAction\":[{\"@type\":\"SearchAction\",\"target\":{\"@type\":\"EntryPoint\",\"urlTemplate\":\"https:\/\/manag-art.com\/en\/?s={search_term_string}\"},\"query-input\":\"required name=search_term_string\"}],\"inLanguage\":\"en-US\"},{\"@type\":\"Organization\",\"@id\":\"https:\/\/manag-art.com\/en\/#organization\",\"name\":\"Manag'Art\",\"url\":\"https:\/\/manag-art.com\/en\/\",\"logo\":{\"@type\":\"ImageObject\",\"inLanguage\":\"en-US\",\"@id\":\"https:\/\/manag-art.com\/en\/#\/schema\/logo\/image\/\",\"url\":\"https:\/\/manag-art.com\/wp-content\/uploads\/2023\/08\/bleu-fonce.png\",\"contentUrl\":\"https:\/\/manag-art.com\/wp-content\/uploads\/2023\/08\/bleu-fonce.png\",\"width\":87,\"height\":64,\"caption\":\"Manag'Art\"},\"image\":{\"@id\":\"https:\/\/manag-art.com\/en\/#\/schema\/logo\/image\/\"},\"sameAs\":[\"https:\/\/www.facebook.com\/managartprod\/\",\"https:\/\/twitter.com\/ManagArtProd\",\"https:\/\/www.instagram.com\/managartprod\/\"]},{\"@type\":\"Person\",\"@id\":\"https:\/\/manag-art.com\/en\/#\/schema\/person\/2002948ccbdbec24cd4fe0be2b4d9a6d\",\"name\":\"Jeanne\",\"image\":{\"@type\":\"ImageObject\",\"inLanguage\":\"en-US\",\"@id\":\"https:\/\/manag-art.com\/en\/#\/schema\/person\/image\/\",\"url\":\"https:\/\/secure.gravatar.com\/avatar\/334e9d925e605912373adc0256bd4e3a?s=96&d=mm&r=g\",\"contentUrl\":\"https:\/\/secure.gravatar.com\/avatar\/334e9d925e605912373adc0256bd4e3a?s=96&d=mm&r=g\",\"caption\":\"Jeanne\"}}]}<\/script>\n<!-- \/ Yoast SEO plugin. -->","yoast_head_json":{"title":"J-Silk will open the show of General Elektriks - Manag&#039;Art","description":"J-Silk will have the chance to open for General Elektriks at Bikini on November 26th and at the Rocher de Palmer the following day.","robots":{"index":"index","follow":"follow","max-snippet":"max-snippet:-1","max-image-preview":"max-image-preview:large","max-video-preview":"max-video-preview:-1"},"canonical":"https:\/\/manag-art.com\/en\/j-silk-will-open-the-show-of-general-elektriks\/","og_locale":"en_US","og_type":"article","og_title":"J-Silk will open the show of General Elektriks - Manag&#039;Art","og_description":"J-Silk will have the chance to open for General Elektriks at Bikini on November 26th and at the Rocher de Palmer the following day.","og_url":"https:\/\/manag-art.com\/en\/j-silk-will-open-the-show-of-general-elektriks\/","og_site_name":"Manag&#039;Art","article_publisher":"https:\/\/www.facebook.com\/managartprod\/","article_published_time":"2021-11-20T16:07:00+00:00","article_modified_time":"2022-11-24T11:18:48+00:00","og_image":[{"width":1365,"height":2048,"url":"https:\/\/manag-art.com\/wp-content\/uploads\/2021\/10\/243010439_2762742447350608_5243823106990578385_n.jpg","type":"image\/jpeg"}],"author":"Jeanne","twitter_card":"summary_large_image","twitter_creator":"@ManagArtProd","twitter_site":"@ManagArtProd","twitter_misc":{"Written by":"Jeanne","Est. reading time":"2 minutes"},"schema":{"@context":"https:\/\/schema.org","@graph":[{"@type":"Article","@id":"https:\/\/manag-art.com\/en\/j-silk-will-open-the-show-of-general-elektriks\/#article","isPartOf":{"@id":"https:\/\/manag-art.com\/en\/j-silk-will-open-the-show-of-general-elektriks\/"},"author":{"name":"Jeanne","@id":"https:\/\/manag-art.com\/en\/#\/schema\/person\/2002948ccbdbec24cd4fe0be2b4d9a6d"},"headline":"J-Silk will open the show of General Elektriks","datePublished":"2021-11-20T16:07:00+00:00","dateModified":"2022-11-24T11:18:48+00:00","mainEntityOfPage":{"@id":"https:\/\/manag-art.com\/en\/j-silk-will-open-the-show-of-general-elektriks\/"},"wordCount":231,"commentCount":0,"publisher":{"@id":"https:\/\/manag-art.com\/en\/#organization"},"keywords":["dreamingawake","electro pop","ep","jazz","jsilk","managart","nusoul","risingbird","Rocher de Palmer","spotify","wonderland"],"articleSection":["Communiqu\u00e9s","Communiqu\u00e9s","Communiqu\u00e9s"],"inLanguage":"en-US","potentialAction":[{"@type":"CommentAction","name":"Comment","target":["https:\/\/manag-art.com\/en\/j-silk-will-open-the-show-of-general-elektriks\/#respond"]}]},{"@type":"WebPage","@id":"https:\/\/manag-art.com\/en\/j-silk-will-open-the-show-of-general-elektriks\/","url":"https:\/\/manag-art.com\/en\/j-silk-will-open-the-show-of-general-elektriks\/","name":"J-Silk will open the show of General Elektriks - Manag&#039;Art","isPartOf":{"@id":"https:\/\/manag-art.com\/en\/#website"},"datePublished":"2021-11-20T16:07:00+00:00","dateModified":"2022-11-24T11:18:48+00:00","description":"J-Silk will have the chance to open for General Elektriks at Bikini on November 26th and at the Rocher de Palmer the following day.","breadcrumb":{"@id":"https:\/\/manag-art.com\/en\/j-silk-will-open-the-show-of-general-elektriks\/#breadcrumb"},"inLanguage":"en-US","potentialAction":[{"@type":"ReadAction","target":["https:\/\/manag-art.com\/en\/j-silk-will-open-the-show-of-general-elektriks\/"]}]},{"@type":"BreadcrumbList","@id":"https:\/\/manag-art.com\/en\/j-silk-will-open-the-show-of-general-elektriks\/#breadcrumb","itemListElement":[{"@type":"ListItem","position":1,"name":"Accueil","item":"https:\/\/manag-art.com\/en\/"},{"@type":"ListItem","position":2,"name":"J-Silk will open the show of General Elektriks"}]},{"@type":"WebSite","@id":"https:\/\/manag-art.com\/en\/#website","url":"https:\/\/manag-art.com\/en\/","name":"Manag'Art - Services & Label","description":"Services &amp; Label","publisher":{"@id":"https:\/\/manag-art.com\/en\/#organization"},"potentialAction":[{"@type":"SearchAction","target":{"@type":"EntryPoint","urlTemplate":"https:\/\/manag-art.com\/en\/?s={search_term_string}"},"query-input":"required name=search_term_string"}],"inLanguage":"en-US"},{"@type":"Organization","@id":"https:\/\/manag-art.com\/en\/#organization","name":"Manag'Art","url":"https:\/\/manag-art.com\/en\/","logo":{"@type":"ImageObject","inLanguage":"en-US","@id":"https:\/\/manag-art.com\/en\/#\/schema\/logo\/image\/","url":"https:\/\/manag-art.com\/wp-content\/uploads\/2023\/08\/bleu-fonce.png","contentUrl":"https:\/\/manag-art.com\/wp-content\/uploads\/2023\/08\/bleu-fonce.png","width":87,"height":64,"caption":"Manag'Art"},"image":{"@id":"https:\/\/manag-art.com\/en\/#\/schema\/logo\/image\/"},"sameAs":["https:\/\/www.facebook.com\/managartprod\/","https:\/\/twitter.com\/ManagArtProd","https:\/\/www.instagram.com\/managartprod\/"]},{"@type":"Person","@id":"https:\/\/manag-art.com\/en\/#\/schema\/person\/2002948ccbdbec24cd4fe0be2b4d9a6d","name":"Jeanne","image":{"@type":"ImageObject","inLanguage":"en-US","@id":"https:\/\/manag-art.com\/en\/#\/schema\/person\/image\/","url":"https:\/\/secure.gravatar.com\/avatar\/334e9d925e605912373adc0256bd4e3a?s=96&d=mm&r=g","contentUrl":"https:\/\/secure.gravatar.com\/avatar\/334e9d925e605912373adc0256bd4e3a?s=96&d=mm&r=g","caption":"Jeanne"}}]}},"_links":{"self":[{"href":"https:\/\/manag-art.com\/en\/wp-json\/wp\/v2\/posts\/6034"}],"collection":[{"href":"https:\/\/manag-art.com\/en\/wp-json\/wp\/v2\/posts"}],"about":[{"href":"https:\/\/manag-art.com\/en\/wp-json\/wp\/v2\/types\/post"}],"author":[{"embeddable":true,"href":"https:\/\/manag-art.com\/en\/wp-json\/wp\/v2\/users\/4"}],"replies":[{"embeddable":true,"href":"https:\/\/manag-art.com\/en\/wp-json\/wp\/v2\/comments?post=6034"}],"version-history":[{"count":4,"href":"https:\/\/manag-art.com\/en\/wp-json\/wp\/v2\/posts\/6034\/revisions"}],"predecessor-version":[{"id":7915,"href":"https:\/\/manag-art.com\/en\/wp-json\/wp\/v2\/posts\/6034\/revisions\/7915"}],"wp:featuredmedia":[{"embeddable":true,"href":"https:\/\/manag-art.com\/en\/wp-json\/wp\/v2\/media\/6012"}],"wp:attachment":[{"href":"https:\/\/manag-art.com\/en\/wp-json\/wp\/v2\/media?parent=6034"}],"wp:term":[{"taxonomy":"category","embeddable":true,"href":"https:\/\/manag-art.com\/en\/wp-json\/wp\/v2\/categories?post=6034"},{"taxonomy":"post_tag","embeddable":true,"href":"https:\/\/manag-art.com\/en\/wp-json\/wp\/v2\/tags?post=6034"}],"curies":[{"name":"wp","href":"https:\/\/api.w.org\/{rel}","templated":true}]}}